{"id":10325,"date":"2026-09-04T14:43:43","date_gmt":"2026-09-04T12:43:43","guid":{"rendered":"https:\/\/asseco-ce.cloud\/?p=10325"},"modified":"2026-09-04T17:03:30","modified_gmt":"2026-09-04T15:03:30","slug":"cloudifikacia-bez-prekvapeni-na-co-mysliet-este-pred-migraciou","status":"publish","type":"post","link":"https:\/\/asseco-ce.cloud\/cs\/cloudifikacia-bez-prekvapeni-na-co-mysliet-este-pred-migraciou\/","title":{"rendered":"Cloudifikace bez p\u0159ekvapen\u00ed: Na co myslet je\u0161t\u011b p\u0159ed migrac\u00ed"},"content":{"rendered":"<p class=\"has-primary-font-family has-l-font-size wp-block-paragraph\">Digitalizace, rostouc\u00ed n\u00e1roky na bezpe\u010dnost a rozvoj um\u011bl\u00e9 inteligence nut\u00ed firmy a organizace p\u0159ehodnocovat zp\u016fsob, jak\u00fdm provozuj\u00ed sv\u00e9 IT. St\u00e1le \u010dast\u011bji proto stoj\u00ed p\u0159ed rozhodnut\u00edm, zda p\u0159esunout sv\u00e1 data a aplikace do cloudu, nebo je nad\u00e1le provozovat na vlastn\u00edch serverech. Trend migrace do cloudu nav\u00edc d\u00e1l nab\u00edr\u00e1 na s\u00edle. Podle \u00fadaj\u016f <a href=\"https:\/\/ec.europa.eu\/eurostat\/web\/products-eurostat-news\/w\/ddn-20260203-1\">Eurostatu<\/a> vyu\u017e\u00edvalo v roce 2025 cloudov\u00e9 slu\u017eby ji\u017e 52,7 % podnik\u016f v Evropsk\u00e9 unii a jejich pod\u00edl nad\u00e1le roste.<\/p>\n\n\n\n<div style=\"height:52px\" aria-hidden=\"true\" class=\"wp-block-spacer\"><\/div>\n\n\n\n<div class=\"wp-block-columns alignwide are-vertically-aligned-center is-style-default is-layout-flex wp-container-core-columns-is-layout-e3a7782e wp-block-columns-is-layout-flex\">\n<div class=\"wp-block-column is-vertically-aligned-center is-layout-flow wp-block-column-is-layout-flow\">\n<div class=\"wp-block-group is-style-default is-vertical is-content-justification-left is-layout-flex wp-container-core-group-is-layout-7c2dc292 wp-block-group-is-layout-flex\" style=\"padding-left:var(--wp--preset--spacing--l)\">\n<h4 class=\"wp-block-heading\"><strong>Co je cloudifikace?<\/strong><\/h4>\n\n\n\n<p class=\"has-primary-font-family has-l-font-size wp-block-paragraph\">Cloudifikace je komplexn\u00ed proces transformace IT prost\u0159ed\u00ed, p\u0159i kter\u00e9m organizace p\u0159esouv\u00e1 aplikace, data nebo syst\u00e9my z vlastn\u00ed infrastruktury do cloudov\u00e9ho prost\u0159ed\u00ed. C\u00edlem je vyu\u017e\u00edvat v\u00fdpo\u010detn\u00ed v\u00fdkon, \u00falo\u017ei\u0161t\u011b a softwarov\u00e9 slu\u017eby poskytovan\u00e9 formou slu\u017eby (as-a-service) prost\u0159ednictv\u00edm cloudov\u00fdch platforem. V praxi cloudifikace \u010dasto zahrnuje p\u0159esun e-mailov\u00fdch \u0159e\u0161en\u00ed, podnikov\u00fdch aplikac\u00ed, datov\u00fdch \u00falo\u017ei\u0161\u0165 nebo serverov\u00fdch syst\u00e9m\u016f do cloudov\u00e9ho prost\u0159ed\u00ed. Organizace tak mohou vyu\u017e\u00edvat modern\u00ed technologie a IT kapacity bez nutnosti budovat a pravideln\u011b obnovovat vlastn\u00ed infrastrukturu.<\/p>\n\n\n\n<p class=\"has-primary-font-family has-l-font-size wp-block-paragraph\"><\/p>\n<\/div>\n<\/div>\n\n\n\n<div class=\"wp-block-column is-layout-flow wp-block-column-is-layout-flow\">\n<figure class=\"wp-block-image size-large is-resized has-custom-border\"><img decoding=\"async\" width=\"1024\" height=\"930\" data-image-position=\"1\" src=\"https:\/\/asseco-ce.cloud\/wp-content\/uploads\/2026\/09\/Depositphotos_311133600_XL_short-1024x930.jpg\" alt class=\"wp-image-10344 f-content__image\" style=\"border-top-left-radius:25px;border-top-right-radius:25px;border-bottom-left-radius:25px;border-bottom-right-radius:25px;aspect-ratio:1.1010964743342835;width:486px;height:auto\" srcset=\"https:\/\/asseco-ce.cloud\/wp-content\/uploads\/2026\/09\/Depositphotos_311133600_XL_short-1024x930.jpg 1024w, https:\/\/asseco-ce.cloud\/wp-content\/uploads\/2026\/09\/Depositphotos_311133600_XL_short-300x273.jpg 300w, https:\/\/asseco-ce.cloud\/wp-content\/uploads\/2026\/09\/Depositphotos_311133600_XL_short-13x12.jpg 13w, https:\/\/asseco-ce.cloud\/wp-content\/uploads\/2026\/09\/Depositphotos_311133600_XL_short-767x697.jpg 767w, https:\/\/asseco-ce.cloud\/wp-content\/uploads\/2026\/09\/Depositphotos_311133600_XL_short-1536x1396.jpg 1536w, https:\/\/asseco-ce.cloud\/wp-content\/uploads\/2026\/09\/Depositphotos_311133600_XL_short-660x600.jpg 660w, https:\/\/asseco-ce.cloud\/wp-content\/uploads\/2026\/09\/Depositphotos_311133600_XL_short.jpg 1920w\" sizes=\"(max-width: 1024px) 100vw, 1024px\" fetchpriority=\"high\"><\/figure>\n<\/div>\n<\/div>\n\n\n\n<div style=\"height:34px\" aria-hidden=\"true\" class=\"wp-block-spacer\"><\/div>\n\n\n\n<h4 class=\"wp-block-heading\"><strong>Na co myslet p\u0159ed samotnou migrac\u00ed?<\/strong><\/h4>\n\n\n\n<p class=\"has-primary-font-family has-l-font-size wp-block-paragraph\">Mnoho organizac\u00ed za\u010d\u00edn\u00e1 ot\u00e1zkou \u201eKdy m\u016f\u017eeme migrovat?\u201c, p\u0159esto by si m\u011bly nejprve polo\u017eit ot\u00e1zku: \u201eCo vlastn\u011b chceme migrovat a pro\u010d?\u201c. Ne v\u0161echny aplikace, syst\u00e9my a datov\u00e9 zdroje jsou vhodn\u00e9 pro okam\u017eit\u00fd p\u0159esun do cloudu. Mohou b\u00fdt nap\u0159\u00edklad technicky zastaral\u00e9 nebo podl\u00e9hat specifick\u00fdm regulatorn\u00edm po\u017eadavk\u016fm. <strong>N\u011bkter\u00e9 syst\u00e9my nav\u00edc nejsou vhodn\u00e9 k migraci ve stejn\u00e9m rozsahu. Proto je nutn\u00e9 nejprve posoudit st\u00e1vaj\u00edc\u00ed IT prost\u0159ed\u00ed a stanovit priority pro transformaci do cloudu.<\/strong><\/p>\n\n\n\n<p class=\"has-secondary-font-family has-l-font-size wp-block-paragraph\">Nejcenn\u011bj\u0161\u00edm aktivem ka\u017ed\u00e9 organizace jsou data, proto <strong>je t\u0159eba v\u011bd\u011bt, jak\u00e9 \u00fadaje uchov\u00e1v\u00e1, kde se nach\u00e1zej\u00ed a jak\u00e9 po\u017eadavky se na n\u011b vztahuj\u00ed.<\/strong> Zvl\u00e1\u0161tn\u00ed pozornost vy\u017eaduj\u00ed osobn\u00ed \u00fadaje, citliv\u00e9 obchodn\u00ed informace nebo data podl\u00e9haj\u00edc\u00ed regulatorn\u00edm po\u017eadavk\u016fm. Spr\u00e1vn\u00e1 klasifikace dat pom\u00e1h\u00e1 ur\u010dit, jak\u00fd typ cloudov\u00e9ho \u0159e\u0161en\u00ed bude nejvhodn\u011bj\u0161\u00ed.<\/p>\n\n\n\n<p class=\"has-secondary-font-family has-l-font-size wp-block-paragraph\">P\u0159esv\u011bd\u010den\u00ed, \u017ee se o bezpe\u010dnost po p\u0159esunu postar\u00e1 cloudov\u00fd poskytovatel, je velkou chybou. P\u0159esto\u017ee poskytovatel\u00e9 zabezpe\u010duj\u00ed samotnou infrastrukturu, odpov\u011bdnost za spr\u00e1vn\u00e9 nastaven\u00ed u\u017eivatelsk\u00fdch \u00fa\u010dt\u016f, p\u0159\u00edstupov\u00fdch pr\u00e1v nebo ochranu dat z\u016fst\u00e1v\u00e1 na organizaci. <strong>Bezpe\u010dnostn\u00ed strategie mus\u00ed b\u00fdt sou\u010d\u00e1st\u00ed cel\u00e9ho projektu od sam\u00e9ho za\u010d\u00e1tku, nikoliv a\u017e jeho z\u00e1v\u011bre\u010dnou f\u00e1z\u00ed.<\/strong><\/p>\n\n\n\n<p class=\"has-secondary-font-family has-l-font-size wp-block-paragraph\">\u00dasp\u011b\u0161n\u00e1 cloudifikace nen\u00ed jen o technologi\u00edch. <strong>Zm\u011bna se p\u0159\u00edmo dot\u00fdk\u00e1 tak\u00e9 zam\u011bstnanc\u016f. M\u011bn\u00ed se pracovn\u00ed postupy, zp\u016fsob p\u0159\u00edstupu k aplikac\u00edm i pr\u00e1ce s firemn\u00edmi daty.<\/strong> Proto je d\u016fle\u017eit\u00e9 v\u011bnovat pozornost komunikaci, \u0161kolen\u00edm a p\u0159\u00edprav\u011b u\u017eivatel\u016f na nov\u00e9 prost\u0159ed\u00ed.\nOrganizace z\u00e1rove\u0148 mus\u00ed <strong>zohlednit tak\u00e9 regulatorn\u00ed po\u017eadavky, jako jsou GDPR, NIS2, DORA nebo intern\u00ed bezpe\u010dnostn\u00ed politiky.<\/strong> P\u0159ed v\u00fdb\u011brem cloudov\u00e9ho \u0159e\u0161en\u00ed je proto nutn\u00e9 ov\u011b\u0159it, zda spl\u0148uje v\u0161echny po\u017eadavky na ochranu, zpracov\u00e1n\u00ed a ukl\u00e1d\u00e1n\u00ed dat.<\/p>\n\n\n\n<p class=\"has-secondary-font-family has-l-font-size wp-block-paragraph\">D\u016fle\u017eit\u00e1 je tak\u00e9 <strong>dostupnost slu\u017eeb, geografick\u00e1 lokalita datov\u00fdch center, mo\u017enosti z\u00e1lohov\u00e1n\u00ed, \u00farove\u0148 technick\u00e9 podpory a bezpe\u010dnostn\u00ed certifikace poskytovatele.<\/strong><\/p>\n\n\n\n<div style=\"height:45px\" aria-hidden=\"true\" class=\"wp-block-spacer\"><\/div>\n\n\n\n<h4 class=\"wp-block-heading\"><strong>Nen\u00ed to jednor\u00e1zov\u00fd projekt<\/strong><mark style=\"background-color:rgba(0, 0, 0, 0)\" class=\"has-inline-color has-accent-color\">, <\/mark><mark style=\"background-color:rgba(0, 0, 0, 0)\" class=\"has-inline-color has-accent-color\">sv\u011b\u0159te ho do rukou odborn\u00edk\u016f<\/mark><\/h4>\n\n\n\n<p class=\"has-primary-font-family has-l-font-size wp-block-paragraph\">Po \u00fasp\u011b\u0161n\u00e9 migraci pr\u00e1ce nekon\u010d\u00ed. Cloudov\u00e9 prost\u0159ed\u00ed vy\u017eaduje pr\u016fb\u011b\u017enou spr\u00e1vu, optimalizaci n\u00e1klad\u016f, monitoring bezpe\u010dnosti a pravideln\u00e9 vyhodnocov\u00e1n\u00ed poskytovan\u00fdch slu\u017eeb. Cloudifikace je dlouhodob\u00fd proces, nikoliv jednor\u00e1zov\u00fd projekt. Cloud p\u0159in\u00e1\u0161\u00ed vy\u0161\u0161\u00ed flexibilitu, lep\u0161\u00ed dostupnost slu\u017eeb, modern\u00ed bezpe\u010dnostn\u00ed n\u00e1stroje i jednodu\u0161\u0161\u00ed \u0161k\u00e1lov\u00e1n\u00ed IT zdroj\u016f. Aby v\u0161ak splnil o\u010dek\u00e1v\u00e1n\u00ed, je nezbytn\u00e9 v\u011bnovat dostate\u010dnou pozornost d\u016fkladn\u00e9 p\u0159\u00edprav\u011b. <strong>\u010c\u00edm l\u00e9pe organizace je\u0161t\u011b p\u0159ed migrac\u00ed zanalyzuje sv\u00e9 pot\u0159eby, data a bezpe\u010dnostn\u00ed po\u017eadavky, t\u00edm hlad\u0161\u00ed a efektivn\u011bj\u0161\u00ed bude jej\u00ed p\u0159echod do cloudov\u00e9ho prost\u0159ed\u00ed.<\/strong><\/p>\n\n\n\n<p class=\"has-primary-font-family has-l-font-size wp-block-paragraph\">Pom\u016f\u017eeme v\u00e1m zorientovat se v cel\u00e9m procesu, od \u00favodn\u00ed anal\u00fdzy a n\u00e1vrhu \u0159e\u0161en\u00ed a\u017e po migraci a n\u00e1slednou spr\u00e1vu prost\u0159ed\u00ed. D\u00edky zku\u0161enostem na\u0161ich odborn\u00edk\u016f navrhneme \u0159e\u0161en\u00ed, kter\u00e9 bude odpov\u00eddat va\u0161im obchodn\u00edm i bezpe\u010dnostn\u00edm po\u017eadavk\u016fm a zajist\u00ed hladk\u00fd p\u0159echod do cloudov\u00e9ho prost\u0159ed\u00ed bez v\u00fdpadk\u016f a komplikac\u00ed. Pokud o cloudifikaci uva\u017eujete nebo si nejste jisti, jak\u00fd model je pro va\u0161i organizaci nejvhodn\u011bj\u0161\u00ed, obra\u0165te se na n\u00e1s. R\u00e1di v\u00e1m pom\u016f\u017eeme naj\u00edt \u0159e\u0161en\u00ed, kter\u00e9 podpo\u0159\u00ed bezpe\u010dn\u00fd a dlouhodob\u00fd r\u016fst va\u0161eho podnik\u00e1n\u00ed.<\/p>","protected":false},"excerpt":{"rendered":"<p>Digitaliz\u00e1cia, rast\u00face n\u00e1roky na bezpe\u010dnos\u0165 a rozvoj umelej inteligencie n\u00fatia firmy a&nbsp;organiz\u00e1cie prehodnocova\u0165 sp\u00f4sob, ak\u00fdm prev\u00e1dzkuj\u00fa svoje IT. \u010coraz \u010dastej\u0161ie preto stoja pred rozhodnut\u00edm, \u010di presun\u00fa\u0165 svoje d\u00e1ta a&nbsp;aplik\u00e1cie do cloudu, alebo ich na\u010falej prev\u00e1dzkova\u0165 na vlastn\u00fdch serveroch. Trend migr\u00e1cie do cloudu &#8230;<\/p>","protected":false},"author":2,"featured_media":10350,"comment_status":"open","ping_status":"open","sticky":false,"template":"","format":"standard","meta":{"_seopress_titles_title":"Cloudifik\u00e1cia: na \u010do myslie\u0165 e\u0161te pred migr\u00e1ciou | Asseco CE Cloud","_seopress_titles_desc":"\u010co je cloudifik\u00e1cia \u2705 Na \u010do myslie\u0165 pred migr\u00e1ciou \u2705Strategick\u00e1 anal\u00fdza IT prostredia","_seopress_robots_index":"","_seopress_robots_follow":"","_seopress_robots_imageindex":"","_seopress_robots_snippet":"","_seopress_robots_primary_cat":"","_seopress_robots_breadcrumbs":"","_seopress_robots_freeze_modified_date":"","_seopress_robots_custom_modified_date":"","_seopress_robots_canonical":"","_seopress_social_fb_title":"","_seopress_social_fb_desc":"","_seopress_social_fb_img":"","_seopress_social_fb_img_attachment_id":0,"_seopress_social_fb_img_width":0,"_seopress_social_fb_img_height":0,"_seopress_social_twitter_title":"","_seopress_social_twitter_desc":"","_seopress_social_twitter_img":"","_seopress_social_twitter_img_attachment_id":0,"_seopress_social_twitter_img_width":0,"_seopress_social_twitter_img_height":0,"_seopress_redirections_value":"","_seopress_redirections_enabled":"","_seopress_redirections_enabled_regex":"","_seopress_redirections_logged_status":"","_seopress_redirections_param":"","_seopress_redirections_type":0,"_seopress_analysis_target_kw":"","inline_featured_image":false,"_uf_show_specific_survey":0,"_uf_disable_surveys":false,"footnotes":""},"categories":[31],"tags":[],"class_list":["post-10325","post","type-post","status-publish","format-standard","has-post-thumbnail","hentry","category-informacne-technologie"],"_links":{"self":[{"href":"https:\/\/asseco-ce.cloud\/cs\/wp-json\/wp\/v2\/posts\/10325","targetHints":{"allow":["GET"]}}],"collection":[{"href":"https:\/\/asseco-ce.cloud\/cs\/wp-json\/wp\/v2\/posts"}],"about":[{"href":"https:\/\/asseco-ce.cloud\/cs\/wp-json\/wp\/v2\/types\/post"}],"author":[{"embeddable":true,"href":"https:\/\/asseco-ce.cloud\/cs\/wp-json\/wp\/v2\/users\/2"}],"replies":[{"embeddable":true,"href":"https:\/\/asseco-ce.cloud\/cs\/wp-json\/wp\/v2\/comments?post=10325"}],"version-history":[{"count":16,"href":"https:\/\/asseco-ce.cloud\/cs\/wp-json\/wp\/v2\/posts\/10325\/revisions"}],"predecessor-version":[{"id":10355,"href":"https:\/\/asseco-ce.cloud\/cs\/wp-json\/wp\/v2\/posts\/10325\/revisions\/10355"}],"wp:featuredmedia":[{"embeddable":true,"href":"https:\/\/asseco-ce.cloud\/cs\/wp-json\/wp\/v2\/media\/10350"}],"wp:attachment":[{"href":"https:\/\/asseco-ce.cloud\/cs\/wp-json\/wp\/v2\/media?parent=10325"}],"wp:term":[{"taxonomy":"category","embeddable":true,"href":"https:\/\/asseco-ce.cloud\/cs\/wp-json\/wp\/v2\/categories?post=10325"},{"taxonomy":"post_tag","embeddable":true,"href":"https:\/\/asseco-ce.cloud\/cs\/wp-json\/wp\/v2\/tags?post=10325"}],"curies":[{"name":"wp","href":"https:\/\/api.w.org\/{rel}","templated":true}]}}